{"id":2356,"date":"2015-07-31T21:43:39","date_gmt":"2015-07-31T21:43:39","guid":{"rendered":"http:\/\/edrspro.com\/?p=2356"},"modified":"2015-07-31T21:43:39","modified_gmt":"2015-07-31T21:43:39","slug":"jan-sturla-hegre-samu-kemppainen-elvira-karlsson-and-bjorn-fristrom-provisional-leaders-after-day-one-at-gardermoen","status":"publish","type":"post","link":"https:\/\/www.dragracingeurope.eu\/edrspro\/2015\/07\/31\/jan-sturla-hegre-samu-kemppainen-elvira-karlsson-and-bjorn-fristrom-provisional-leaders-after-day-one-at-gardermoen\/","title":{"rendered":"Jan Sturla Hegre, Samu Kemppainen, Elvira Karlsson and Bj\u00f6rn Fristr\u00f6m provisional leaders after day one at Gardermoen"},"content":{"rendered":"<div id=\"attachment_2364\" style=\"width: 550px\" class=\"wp-caption alignnone\"><a href=\"http:\/\/edrspro.com\/wp-content\/uploads\/2015\/07\/hegre_gard_q1.jpg\"><img decoding=\"async\" aria-describedby=\"caption-attachment-2364\" class=\"wp-image-2364 size-full\" src=\"http:\/\/edrspro.com\/wp-content\/uploads\/2015\/07\/hegre_gard_q1.jpg\" alt=\"hegre_gard_q1\" width=\"540\" height=\"375\" srcset=\"https:\/\/www.dragracingeurope.eu\/edrspro\/wp-content\/uploads\/sites\/5\/2015\/07\/hegre_gard_q1.jpg 540w, https:\/\/www.dragracingeurope.eu\/edrspro\/wp-content\/uploads\/sites\/5\/2015\/07\/hegre_gard_q1-300x208.jpg 300w\" sizes=\"(max-width: 540px) 100vw, 540px\" \/><\/a><p id=\"caption-attachment-2364\" class=\"wp-caption-text\">Jan Sturla Hegre<\/p><\/div>\n<p><strong>Jan Sturla Hegre is the leader in Top Fuel Motorcycle after the first day of qualifying for the Drag Challenge at Gardermoen Raceway, the third round of the EDRS Pro Nordic Motorcycle Championship. In Super Twin Motorcycle Samu Kemppainen is leading again, while in Pro Stock Motorcycle Elvira Karlsson is the provisional leader. In Super Street Bike reigning champion Bj\u00f6rn Fristr\u00f6m is number one qualifier after two runs.<\/strong><!--more--><\/p>\n<p>After a rain delay in the morning, the weather conditions improved at Gardermoen Raceway, so both scheduled qualifying sessions for the third round of the EDRS Pro Nordic Motorcycle Championship could be completed.<\/p>\n<div id=\"attachment_2367\" style=\"width: 550px\" class=\"wp-caption alignnone\"><a href=\"http:\/\/edrspro.com\/wp-content\/uploads\/2015\/07\/gustafsson_gard_q1.jpg\"><img decoding=\"async\" aria-describedby=\"caption-attachment-2367\" class=\"wp-image-2367 size-full\" src=\"http:\/\/edrspro.com\/wp-content\/uploads\/2015\/07\/gustafsson_gard_q1.jpg\" alt=\"gustafsson_gard_q1\" width=\"540\" height=\"361\" srcset=\"https:\/\/www.dragracingeurope.eu\/edrspro\/wp-content\/uploads\/sites\/5\/2015\/07\/gustafsson_gard_q1.jpg 540w, https:\/\/www.dragracingeurope.eu\/edrspro\/wp-content\/uploads\/sites\/5\/2015\/07\/gustafsson_gard_q1-300x201.jpg 300w\" sizes=\"(max-width: 540px) 100vw, 540px\" \/><\/a><p id=\"caption-attachment-2367\" class=\"wp-caption-text\">Rikard Gustafsson<\/p><\/div>\n<p>In Top Fuel Motorcycle Jan Sturla Hegre skipped the first qualifying, but his 6.54 seconds in qualifying two was good enough to take over the provisional number one position from Rikard Gustafsson. Sverre Dahl had problems in both runs and has no time yet.<\/p>\n<div id=\"attachment_2361\" style=\"width: 550px\" class=\"wp-caption alignnone\"><a href=\"http:\/\/edrspro.com\/wp-content\/uploads\/2015\/07\/kemppainen_e_gard_q1.jpg\"><img decoding=\"async\" aria-describedby=\"caption-attachment-2361\" class=\"wp-image-2361 size-full\" src=\"http:\/\/edrspro.com\/wp-content\/uploads\/2015\/07\/kemppainen_e_gard_q1.jpg\" alt=\"kemppainen_e_gard_q1\" width=\"540\" height=\"360\" srcset=\"https:\/\/www.dragracingeurope.eu\/edrspro\/wp-content\/uploads\/sites\/5\/2015\/07\/kemppainen_e_gard_q1.jpg 540w, https:\/\/www.dragracingeurope.eu\/edrspro\/wp-content\/uploads\/sites\/5\/2015\/07\/kemppainen_e_gard_q1-300x200.jpg 300w\" sizes=\"(max-width: 540px) 100vw, 540px\" \/><\/a><p id=\"caption-attachment-2361\" class=\"wp-caption-text\">Samu Kemppainen<\/p><\/div>\n<p>In Super Twin Motorcycle Samu Kemppainen had problems in qualifying one, but the championship leader rebounced with a great 6,59 seconds to take the lead.<\/p>\n<div id=\"attachment_2366\" style=\"width: 550px\" class=\"wp-caption alignnone\"><a href=\"http:\/\/edrspro.com\/wp-content\/uploads\/2015\/07\/bengtsson_gard_q1.jpg\"><img decoding=\"async\" aria-describedby=\"caption-attachment-2366\" class=\"wp-image-2366 size-full\" src=\"http:\/\/edrspro.com\/wp-content\/uploads\/2015\/07\/bengtsson_gard_q1.jpg\" alt=\"bengtsson_gard_q1\" width=\"540\" height=\"416\" srcset=\"https:\/\/www.dragracingeurope.eu\/edrspro\/wp-content\/uploads\/sites\/5\/2015\/07\/bengtsson_gard_q1.jpg 540w, https:\/\/www.dragracingeurope.eu\/edrspro\/wp-content\/uploads\/sites\/5\/2015\/07\/bengtsson_gard_q1-300x231.jpg 300w\" sizes=\"(max-width: 540px) 100vw, 540px\" \/><\/a><p id=\"caption-attachment-2366\" class=\"wp-caption-text\">Per Bengtsson<\/p><\/div>\n<p>Per Bengtsson is the provisional number two qualifier and with 6,66 seconds the only other rider in the 6 seconds so far. Reigning EDRS Pro Nordic MC champion Hans Olav Olstad is in third position (7.08 seconds).<\/p>\n<div id=\"attachment_2368\" style=\"width: 550px\" class=\"wp-caption alignnone\"><a href=\"http:\/\/edrspro.com\/wp-content\/uploads\/2015\/07\/karlsson_e_gard_q1.jpg\"><img decoding=\"async\" aria-describedby=\"caption-attachment-2368\" class=\"wp-image-2368 size-full\" src=\"http:\/\/edrspro.com\/wp-content\/uploads\/2015\/07\/karlsson_e_gard_q1.jpg\" alt=\"karlsson_e_gard_q1\" width=\"540\" height=\"360\" srcset=\"https:\/\/www.dragracingeurope.eu\/edrspro\/wp-content\/uploads\/sites\/5\/2015\/07\/karlsson_e_gard_q1.jpg 540w, https:\/\/www.dragracingeurope.eu\/edrspro\/wp-content\/uploads\/sites\/5\/2015\/07\/karlsson_e_gard_q1-300x200.jpg 300w\" sizes=\"(max-width: 540px) 100vw, 540px\" \/><\/a><p id=\"caption-attachment-2368\" class=\"wp-caption-text\">Elvira Karlsson<\/p><\/div>\n<p>In Pro Stock Motorcycle Elvira Karlsson got her revenge for the lost Alastaro final and beat her father Robert in a great side-by-side run to take the provisional number one qualifying position with 7.10 seconds. Robert Karlsson is second (7.19 seconds), Kalle Lyr\u00e9n third (7.20) and Kenneth Vik fourth (7.25).<\/p>\n<div id=\"attachment_2359\" style=\"width: 550px\" class=\"wp-caption alignnone\"><a href=\"http:\/\/edrspro.com\/wp-content\/uploads\/2015\/07\/karlsson_r_gard_q1.jpg\"><img decoding=\"async\" aria-describedby=\"caption-attachment-2359\" class=\"wp-image-2359 size-full\" src=\"http:\/\/edrspro.com\/wp-content\/uploads\/2015\/07\/karlsson_r_gard_q1.jpg\" alt=\"karlsson_r_gard_q1\" width=\"540\" height=\"374\" srcset=\"https:\/\/www.dragracingeurope.eu\/edrspro\/wp-content\/uploads\/sites\/5\/2015\/07\/karlsson_r_gard_q1.jpg 540w, https:\/\/www.dragracingeurope.eu\/edrspro\/wp-content\/uploads\/sites\/5\/2015\/07\/karlsson_r_gard_q1-300x208.jpg 300w\" sizes=\"(max-width: 540px) 100vw, 540px\" \/><\/a><p id=\"caption-attachment-2359\" class=\"wp-caption-text\">Robert Karlsson<\/p><\/div>\n<div id=\"attachment_2365\" style=\"width: 550px\" class=\"wp-caption alignnone\"><a href=\"http:\/\/edrspro.com\/wp-content\/uploads\/2015\/07\/lyren_gard_q1.jpg\"><img decoding=\"async\" aria-describedby=\"caption-attachment-2365\" class=\"wp-image-2365 size-full\" src=\"http:\/\/edrspro.com\/wp-content\/uploads\/2015\/07\/lyren_gard_q1.jpg\" alt=\"lyren_gard_q1\" width=\"540\" height=\"359\" srcset=\"https:\/\/www.dragracingeurope.eu\/edrspro\/wp-content\/uploads\/sites\/5\/2015\/07\/lyren_gard_q1.jpg 540w, https:\/\/www.dragracingeurope.eu\/edrspro\/wp-content\/uploads\/sites\/5\/2015\/07\/lyren_gard_q1-300x199.jpg 300w\" sizes=\"(max-width: 540px) 100vw, 540px\" \/><\/a><p id=\"caption-attachment-2365\" class=\"wp-caption-text\">Kalle Lyr\u00e9n<\/p><\/div>\n<div id=\"attachment_2363\" style=\"width: 550px\" class=\"wp-caption alignnone\"><a href=\"http:\/\/edrspro.com\/wp-content\/uploads\/2015\/07\/fristrom_gard_q1.jpg\"><img decoding=\"async\" aria-describedby=\"caption-attachment-2363\" class=\"wp-image-2363 size-full\" src=\"http:\/\/edrspro.com\/wp-content\/uploads\/2015\/07\/fristrom_gard_q1.jpg\" alt=\"fristrom_gard_q1\" width=\"540\" height=\"355\" srcset=\"https:\/\/www.dragracingeurope.eu\/edrspro\/wp-content\/uploads\/sites\/5\/2015\/07\/fristrom_gard_q1.jpg 540w, https:\/\/www.dragracingeurope.eu\/edrspro\/wp-content\/uploads\/sites\/5\/2015\/07\/fristrom_gard_q1-300x197.jpg 300w\" sizes=\"(max-width: 540px) 100vw, 540px\" \/><\/a><p id=\"caption-attachment-2363\" class=\"wp-caption-text\">Bj\u00f6rn Fristr\u00f6m<\/p><\/div>\n<p>In Super Street Bike reigning EDRS Pro Nordic MC champion Bj\u00f6rn Fristr\u00f6m is leading the field into Saturday qualifying. Fristr\u00f6m\u2019s 7.48 seconds was enough to beat Alastaro winner Dag Wagenius (7,65 seconds). Nils-Ola Andersson is the provisional number three qualifier.<\/p>\n<div id=\"attachment_2362\" style=\"width: 550px\" class=\"wp-caption alignnone\"><a href=\"http:\/\/edrspro.com\/wp-content\/uploads\/2015\/07\/wagenius_gard_q1.jpg\"><img decoding=\"async\" aria-describedby=\"caption-attachment-2362\" class=\"wp-image-2362 size-full\" src=\"http:\/\/edrspro.com\/wp-content\/uploads\/2015\/07\/wagenius_gard_q1.jpg\" alt=\"wagenius_gard_q1\" width=\"540\" height=\"402\" srcset=\"https:\/\/www.dragracingeurope.eu\/edrspro\/wp-content\/uploads\/sites\/5\/2015\/07\/wagenius_gard_q1.jpg 540w, https:\/\/www.dragracingeurope.eu\/edrspro\/wp-content\/uploads\/sites\/5\/2015\/07\/wagenius_gard_q1-300x223.jpg 300w\" sizes=\"(max-width: 540px) 100vw, 540px\" \/><\/a><p id=\"caption-attachment-2362\" class=\"wp-caption-text\">Dag Wagenius<\/p><\/div>\n<div id=\"attachment_2360\" style=\"width: 550px\" class=\"wp-caption alignnone\"><a href=\"http:\/\/edrspro.com\/wp-content\/uploads\/2015\/07\/andersson_gard_q1.jpg\"><img decoding=\"async\" aria-describedby=\"caption-attachment-2360\" class=\"wp-image-2360 size-full\" src=\"http:\/\/edrspro.com\/wp-content\/uploads\/2015\/07\/andersson_gard_q1.jpg\" alt=\"andersson_gard_q1\" width=\"540\" height=\"360\" srcset=\"https:\/\/www.dragracingeurope.eu\/edrspro\/wp-content\/uploads\/sites\/5\/2015\/07\/andersson_gard_q1.jpg 540w, https:\/\/www.dragracingeurope.eu\/edrspro\/wp-content\/uploads\/sites\/5\/2015\/07\/andersson_gard_q1-300x200.jpg 300w\" sizes=\"(max-width: 540px) 100vw, 540px\" \/><\/a><p id=\"caption-attachment-2360\" class=\"wp-caption-text\">Nils-Ola Andersson<\/p><\/div>\n<p>Qualifying for the Drag Challenge at Gardermoen Raceway continues Saturday.<\/p>\n","protected":false},"excerpt":{"rendered":"<p>Jan Sturla Hegre is the leader in Top Fuel Motorcycle after the first day of qualifying for the Drag Challenge at Gardermoen Raceway, the third round of the EDRS Pro Nordic Motorcycle Championship. In Super Twin Motorcycle Samu Kemppainen is leading again, while in Pro Stock Motorcycle Elvira Karlsson is the provisional leader. In Super [&hellip;]<\/p>\n","protected":false},"author":5,"featured_media":0,"comment_status":"open","ping_status":"open","sticky":false,"template":"","format":"standard","meta":{"footnotes":""},"categories":[1],"tags":[],"_links":{"self":[{"href":"https:\/\/www.dragracingeurope.eu\/edrspro\/wp-json\/wp\/v2\/posts\/2356"}],"collection":[{"href":"https:\/\/www.dragracingeurope.eu\/edrspro\/wp-json\/wp\/v2\/posts"}],"about":[{"href":"https:\/\/www.dragracingeurope.eu\/edrspro\/wp-json\/wp\/v2\/types\/post"}],"author":[{"embeddable":true,"href":"https:\/\/www.dragracingeurope.eu\/edrspro\/wp-json\/wp\/v2\/users\/5"}],"replies":[{"embeddable":true,"href":"https:\/\/www.dragracingeurope.eu\/edrspro\/wp-json\/wp\/v2\/comments?post=2356"}],"version-history":[{"count":0,"href":"https:\/\/www.dragracingeurope.eu\/edrspro\/wp-json\/wp\/v2\/posts\/2356\/revisions"}],"wp:attachment":[{"href":"https:\/\/www.dragracingeurope.eu\/edrspro\/wp-json\/wp\/v2\/media?parent=2356"}],"wp:term":[{"taxonomy":"category","embeddable":true,"href":"https:\/\/www.dragracingeurope.eu\/edrspro\/wp-json\/wp\/v2\/categories?post=2356"},{"taxonomy":"post_tag","embeddable":true,"href":"https:\/\/www.dragracingeurope.eu\/edrspro\/wp-json\/wp\/v2\/tags?post=2356"}],"curies":[{"name":"wp","href":"https:\/\/api.w.org\/{rel}","templated":true}]}}