{"id":14481,"date":"2020-03-19T19:54:44","date_gmt":"2020-03-19T18:54:44","guid":{"rendered":"http:\/\/www.dragracingeurope.eu\/edrspro\/2020\/03\/19\/update-from-speedgroup-about-current-situation\/"},"modified":"2020-03-20T09:40:33","modified_gmt":"2020-03-20T08:40:33","slug":"update-from-speedgroup-about-current-situation","status":"publish","type":"post","link":"https:\/\/www.dragracingeurope.eu\/edrspro\/2020\/03\/19\/update-from-speedgroup-about-current-situation\/","title":{"rendered":"Update from Speedgroup about current situation"},"content":{"rendered":"<p><a href=\"http:\/\/www.dragracingeurope.eu\/wp-content\/uploads\/2019\/07\/spiegel_gard19_pr.jpg\"><img decoding=\"async\" class=\"aligncenter size-full wp-image-10289\" src=\"http:\/\/www.dragracingeurope.eu\/wp-content\/uploads\/2019\/07\/spiegel_gard19_pr.jpg\" alt=\"\" width=\"540\" height=\"322\" \/><\/a><\/p>\n<p><strong>The spread of the new corona virus raises many questions and the Speedgroup organization follow daily reports from authorities about the impact of the virus. We are also continuously in contact with other actors in the sport.<\/strong><\/p>\n<p><!--more--><\/p>\n<p>We must all comply with the restrictions imposed by the authorities in individual countries, but also continue to plan for the 2020 racing season.<\/p>\n<p>Due to the current situation, NDRG Norsk Dragracing Gardermoen has already decided to move the date for Spring Nat&#8217;s event. The new scheduled date is May 29-31 (instead of May 8-10). We will post updates on <a href=\"http:\/\/www.dragracingeurope.eu\/\">www.dragracingeurope.eu<\/a> and in the feed of our Facebook groups.<\/p>\n<p>If you have questions or would like to share opinions with us, please feel free to email us at <a href=\"mailto:info@speedgroup.eu\">info@speedgroup.eu,<\/a> and we will get back to you with feedback as soon as possible. We&#8217;re of course continuing to work and plan for a great season.<\/p>\n<p><strong>The Speedgroup board and Speedgroup task force<\/strong><\/p>\n<p>&nbsp;<\/p>\n<p><em>Swedish version; <\/em><\/p>\n<p>Spridningen av det nya coronaviruset v\u00e4cker m\u00e5nga fr\u00e5gor och Speedgroups organisation f\u00f6ljer dagligen rapporteringen fr\u00e5n myndigheter\u00a0 kring coronavirusets p\u00e5verkan. Vi har ocks\u00e5 kontakt med andra akt\u00f6rer i sporten kontinuerligt. Vi har att f\u00f6rh\u00e5lla oss till de restriktioner som myndigheterna i enskilda l\u00e4nder har inf\u00f6rt, men forts\u00e4tter att planera f\u00f6r t\u00e4vlingss\u00e4songen 2020.<\/p>\n<p>NDRG Norsk Dragracing Gardermoen har med anledning av r\u00e5dande situation har beslutat att flytta t\u00e4vlingsdatumen f\u00f6r t\u00e4vlingen Spring Nat\u00b4s. De <strong>nya datumen \u00e4r 29\u201331 maj<\/strong> (ist\u00e4llet f\u00f6r 8\u201310 maj). Vi publicerar uppdateringar p\u00e5 <a href=\"http:\/\/www.dragracingeurope.eu\">www.dragracingeurope.eu<\/a> och i v\u00e5ra Facebook grupper vid behov. \u00a0Om du har fr\u00e5gor eller vill dela \u00e5sikter med oss \u00e4r du v\u00e4lkommen att mejla <a href=\"mailto:info@speedgroup.eu\">info@speedgroup.eu<\/a> , s\u00e5 \u00e5terkommer vi med feedback s\u00e5 snart som m\u00f6jligt.<\/p>\n<p>Vi k\u00f6r p\u00e5 och planerar f\u00f6r en kanonbra s\u00e4song!<\/p>\n<p><strong>Speedgroups styrelse och arbetsgrupp<\/strong><\/p>\n<p>&nbsp;<\/p>\n<p>Photo: Remco Scheelings<\/p>\n","protected":false},"excerpt":{"rendered":"<p>The spread of the new corona virus raises many questions and the Speedgroup organization follow daily reports from authorities about the impact of the virus. We are also continuously in contact with other actors in the sport.<\/p>\n","protected":false},"author":7,"featured_media":0,"comment_status":"closed","ping_status":"closed","sticky":false,"template":"","format":"standard","meta":{"footnotes":""},"categories":[1],"tags":[],"_links":{"self":[{"href":"https:\/\/www.dragracingeurope.eu\/edrspro\/wp-json\/wp\/v2\/posts\/14481"}],"collection":[{"href":"https:\/\/www.dragracingeurope.eu\/edrspro\/wp-json\/wp\/v2\/posts"}],"about":[{"href":"https:\/\/www.dragracingeurope.eu\/edrspro\/wp-json\/wp\/v2\/types\/post"}],"author":[{"embeddable":true,"href":"https:\/\/www.dragracingeurope.eu\/edrspro\/wp-json\/wp\/v2\/users\/7"}],"replies":[{"embeddable":true,"href":"https:\/\/www.dragracingeurope.eu\/edrspro\/wp-json\/wp\/v2\/comments?post=14481"}],"version-history":[{"count":0,"href":"https:\/\/www.dragracingeurope.eu\/edrspro\/wp-json\/wp\/v2\/posts\/14481\/revisions"}],"wp:attachment":[{"href":"https:\/\/www.dragracingeurope.eu\/edrspro\/wp-json\/wp\/v2\/media?parent=14481"}],"wp:term":[{"taxonomy":"category","embeddable":true,"href":"https:\/\/www.dragracingeurope.eu\/edrspro\/wp-json\/wp\/v2\/categories?post=14481"},{"taxonomy":"post_tag","embeddable":true,"href":"https:\/\/www.dragracingeurope.eu\/edrspro\/wp-json\/wp\/v2\/tags?post=14481"}],"curies":[{"name":"wp","href":"https:\/\/api.w.org\/{rel}","templated":true}]}}