{"id":6280,"date":"2018-08-07T11:40:54","date_gmt":"2018-08-07T10:40:54","guid":{"rendered":"http:\/\/www.dragracingeurope.eu\/edrs\/2018\/08\/07\/just-before-the-rain-came-tallhed-autumn-open-could-crown-their-winners\/"},"modified":"2018-08-07T11:40:54","modified_gmt":"2018-08-07T10:40:54","slug":"just-before-the-rain-came-tallhed-autumn-open-could-crown-their-winners","status":"publish","type":"post","link":"https:\/\/www.dragracingeurope.eu\/edrs\/2018\/08\/07\/just-before-the-rain-came-tallhed-autumn-open-could-crown-their-winners\/","title":{"rendered":"Just before the rain came, Tallhed Autumn Open could crown their winners"},"content":{"rendered":"<p><a href=\"http:\/\/www.dragracingeurope.eu\/edrs\/wp-content\/uploads\/sites\/4\/2018\/08\/LMP3208_TALLHED-AUTUMN-OPEN-2018_Lp540.jpg\"><img decoding=\"async\" class=\"aligncenter size-full wp-image-6271\" src=\"http:\/\/www.dragracingeurope.eu\/edrs\/wp-content\/uploads\/sites\/4\/2018\/08\/LMP3208_TALLHED-AUTUMN-OPEN-2018_Lp540.jpg\" alt=\"\" width=\"540\" height=\"270\" srcset=\"https:\/\/www.dragracingeurope.eu\/edrs\/wp-content\/uploads\/sites\/4\/2018\/08\/LMP3208_TALLHED-AUTUMN-OPEN-2018_Lp540.jpg 540w, https:\/\/www.dragracingeurope.eu\/edrs\/wp-content\/uploads\/sites\/4\/2018\/08\/LMP3208_TALLHED-AUTUMN-OPEN-2018_Lp540-300x150.jpg 300w\" sizes=\"(max-width: 540px) 100vw, 540px\" \/><\/a><\/p>\n<p><strong>64 racers came to Tallhed Dragway last weekend to collect point in the Summit Racing EDRS Series and fight about a place in the Finals of the Summit Racing Super Series at Tierp Arena in a few weeks.\u00a0<\/strong><\/p>\n<p><!--more--><\/p>\n<p><a href=\"http:\/\/www.dragracingeurope.eu\/edrs\/wp-content\/uploads\/sites\/4\/2018\/08\/LMP3187_PET-o-SPET-Finalists_Lp540.jpg\"><br \/>\n<img decoding=\"async\" class=\"aligncenter size-full wp-image-6272\" src=\"http:\/\/www.dragracingeurope.eu\/edrs\/wp-content\/uploads\/sites\/4\/2018\/08\/LMP3187_PET-o-SPET-Finalists_Lp540.jpg\" alt=\"\" width=\"540\" height=\"306\" srcset=\"https:\/\/www.dragracingeurope.eu\/edrs\/wp-content\/uploads\/sites\/4\/2018\/08\/LMP3187_PET-o-SPET-Finalists_Lp540.jpg 540w, https:\/\/www.dragracingeurope.eu\/edrs\/wp-content\/uploads\/sites\/4\/2018\/08\/LMP3187_PET-o-SPET-Finalists_Lp540-300x170.jpg 300w\" sizes=\"(max-width: 540px) 100vw, 540px\" \/><\/a><\/p>\n<p style=\"text-align: center\"><em>The drivers who is going to Tierp Arena in a few weeks to fight about 4000$ in the Summit Racing Super Series is Thomas Olsson in Pro ET and Tommy Abrahamsson Super Pro ET.\u00a0<\/em><\/p>\n<p style=\"text-align: center\">After a long summer with hot wether the rain finaly came and interrupt at Tallhed Autumn Open. It was well needed but could have taken another day to fall. But anyway, winners was crowned and the event could be finish in sunshine, between\u00a0 showers.<\/p>\n<p style=\"text-align: left\"><strong>\u00a0Class \u00a0 \u00a0 \u00a0 \u00a0 \u00a0 \u00a0 \u00a0 \u00a0 \u00a0 \u00a0 \u00a0 \u00a0 \u00a0 \u00a0 Q1 \u00a0 \u00a0 \u00a0 \u00a0 \u00a0 \u00a0 \u00a0 \u00a0 \u00a0 \u00a0 \u00a0 \u00a0 \u00a0 \u00a0 \u00a0 \u00a0 \u00a0 \u00a0 \u00a0\u00a0 Win \u00a0 \u00a0 \u00a0 \u00a0 \u00a0 \u00a0 \u00a0 \u00a0 \u00a0 \u00a0 \u00a0 \u00a0 \u00a0 \u00a0 \u00a0 \u00a0 \u00a0 \u00a0\u00a0 RU<\/strong><\/p>\n<p style=\"text-align: left\">Jr Bike \u00a0 \u00a0 \u00a0 \u00a0 \u00a0 \u00a0 \u00a0 \u00a0 \u00a0 \u00a0 \u00a0 \u00a0 \u00a0 \u00a0 Samuel Rundstr\u00f6m \u00a0 \u00a0 \u00a0 \u00a0 \u00a0 \u00a0 Seth Fristr\u00f6m \u00a0 \u00a0 \u00a0 \u00a0 \u00a0 \u00a0 \u00a0 \u00a0 \u00a0 \u00a0\u00a0 Samuel Rundstr\u00f6m<\/p>\n<p style=\"text-align: left\">Jr Dragster \u00a0 \u00a0 \u00a0 \u00a0 \u00a0 \u00a0 \u00a0 \u00a0 \u00a0 \u00a0 Felicia Olsson \u00a0 \u00a0 \u00a0 \u00a0 \u00a0 \u00a0 \u00a0 \u00a0 \u00a0 \u00a0 \u00a0 Eskil Dahls \u00a0 \u00a0 \u00a0 \u00a0 \u00a0 \u00a0 \u00a0 \u00a0 \u00a0 \u00a0 \u00a0 \u00a0 \u00a0 Mats Arntzen Wanvik<\/p>\n<p style=\"text-align: left\">Pro ET \u00a0 \u00a0 \u00a0 \u00a0 \u00a0 \u00a0 \u00a0 \u00a0 \u00a0 \u00a0 \u00a0 \u00a0 \u00a0 \u00a0 Peter Nilsson \u00a0 \u00a0 \u00a0 \u00a0 \u00a0 \u00a0 \u00a0 \u00a0 \u00a0 \u00a0 \u00a0\u00a0 Peter Nilsson \u00a0 \u00a0 \u00a0 \u00a0 \u00a0 \u00a0 \u00a0 \u00a0 \u00a0 \u00a0 \u00a0 Torbj\u00f6rn L\u00e5\u00e5s<\/p>\n<p style=\"text-align: left\">Super Pro ET \u00a0 \u00a0 \u00a0 \u00a0 \u00a0 \u00a0 \u00a0 \u00a0\u00a0 Ole Petter Stockeland \u00a0 \u00a0 \u00a0\u00a0 Ole Petter Stokkeland \u00a0 \u00a0 \u00a0 Bj\u00f6rn Hultberg<\/p>\n<p style=\"text-align: left\">Pro Street \u00a0 \u00a0 \u00a0 \u00a0 \u00a0 \u00a0 \u00a0 \u00a0 \u00a0 \u00a0 \u00a0\u00a0 Daniel H\u00e5llestam \u00a0 \u00a0 \u00a0 \u00a0 \u00a0 \u00a0 \u00a0\u00a0 Michael Maderer \u00a0 \u00a0 \u00a0 \u00a0 \u00a0 \u00a0 \u00a0\u00a0 Daniel H\u00e5llestam<\/p>\n<p style=\"text-align: left\">Street \u00a0 \u00a0 \u00a0 \u00a0 \u00a0 \u00a0 \u00a0 \u00a0 \u00a0 \u00a0 \u00a0 \u00a0 \u00a0 \u00a0 \u00a0\u00a0 Helena Olsson \u00a0 \u00a0 \u00a0 \u00a0 \u00a0 \u00a0 \u00a0 \u00a0 \u00a0 \u00a0 Rolf Berglund \u00a0 \u00a0 \u00a0 \u00a0 \u00a0 \u00a0 \u00a0 \u00a0 \u00a0\u00a0 Angelica Larsson<\/p>\n<p style=\"text-align: left\">Super Gas \u00a0 \u00a0 \u00a0 \u00a0 \u00a0 \u00a0 \u00a0 \u00a0 \u00a0 \u00a0 \u00a0\u00a0 Jan Hallman \u00a0 \u00a0 \u00a0 \u00a0 \u00a0 \u00a0 \u00a0 \u00a0 \u00a0 \u00a0 \u00a0\u00a0 Jan Hallman \u00a0 \u00a0 \u00a0 \u00a0 \u00a0 \u00a0 \u00a0 \u00a0 \u00a0 \u00a0\u00a0 H\u00e5kan Mattsson<\/p>\n<p style=\"text-align: left\">Super Street \u00a0 \u00a0 \u00a0 \u00a0 \u00a0 \u00a0 \u00a0 \u00a0 \u00a0 \u00a0 \u00c5ke T\u00f6rnqvist \u00a0 \u00a0 \u00a0 \u00a0 \u00a0 \u00a0 \u00a0 \u00a0 \u00a0 \u00a0 Chrille Gustafsson \u00a0 \u00a0 \u00a0 \u00a0 \u00a0\u00a0 Uffe Lundgren<\/p>\n<p style=\"text-align: left\">Super Comp Bike \u00a0 \u00a0 \u00a0 \u00a0 \u00a0\u00a0 Peter Rundstr\u00f6m \u00a0 \u00a0 \u00a0 \u00a0 \u00a0 \u00a0 \u00a0\u00a0 Peter Rundstr\u00f6m \u00a0 \u00a0 \u00a0 \u00a0 \u00a0 \u00a0\u00a0 Jonas Mets<\/p>\n<p style=\"text-align: left\">Super Gas Bike \u00a0 \u00a0 \u00a0 \u00a0 \u00a0 \u00a0 \u00a0 \u00a0 Andreas Andersson \u00a0 \u00a0 \u00a0 \u00a0 \u00a0 Andreas Andersson \u00a0 \u00a0 \u00a0 \u00a0\u00a0 Marcus Forsberg<\/p>\n<p style=\"text-align: left\">Super Pro Street \u00a0 \u00a0 \u00a0 \u00a0 \u00a0 \u00a0 \u00a0 \u00a0 \u00a0 \u00a0 \u00a0 \u00a0 \u00a0 \u00a0 \u00a0 \u00a0 \u00a0 \u00a0 \u00a0 \u00a0 \u00a0 \u00a0 \u00a0 \u00a0 \u00a0 \u00a0 \u00a0 \u00a0 \u00a0 \u00a0\u00a0 Bengt Thyr<\/p>\n<p style=\"text-align: left\">Stock\/Super Stock \u00a0 \u00a0 \u00a0 \u00a0 \u00a0 \u00a0 \u00a0 \u00a0 \u00a0 \u00a0 \u00a0 \u00a0 \u00a0 \u00a0 \u00a0 \u00a0 \u00a0 \u00a0 \u00a0 \u00a0 \u00a0 \u00a0 \u00a0 \u00a0 \u00a0 \u00a0 \u00a0 \u00a0\u00a0 Mathias Munter<\/p>\n<p style=\"text-align: center\"><em>\u00a0<a href=\"http:\/\/www.dragracingeurope.eu\/edrs\/wp-content\/uploads\/sites\/4\/2018\/08\/LMP3137_JRB-Tallhed_Lp540.jpg\"><img decoding=\"async\" class=\"aligncenter size-full wp-image-6270\" src=\"http:\/\/www.dragracingeurope.eu\/edrs\/wp-content\/uploads\/sites\/4\/2018\/08\/LMP3137_JRB-Tallhed_Lp540.jpg\" alt=\"\" width=\"540\" height=\"389\" srcset=\"https:\/\/www.dragracingeurope.eu\/edrs\/wp-content\/uploads\/sites\/4\/2018\/08\/LMP3137_JRB-Tallhed_Lp540.jpg 540w, https:\/\/www.dragracingeurope.eu\/edrs\/wp-content\/uploads\/sites\/4\/2018\/08\/LMP3137_JRB-Tallhed_Lp540-300x216.jpg 300w\" sizes=\"(max-width: 540px) 100vw, 540px\" \/><\/a><\/em><\/p>\n<p style=\"text-align: center\"><em>Seth Fristr\u00f6m and Samuel Rundstr\u00f6m<\/em><\/p>\n<p style=\"text-align: center\"><a href=\"http:\/\/www.dragracingeurope.eu\/edrs\/wp-content\/uploads\/sites\/4\/2018\/08\/LMP3151_JrD-Tallhed-Autumn_Lp540.jpg\"><img decoding=\"async\" class=\"aligncenter size-full wp-image-6267\" src=\"http:\/\/www.dragracingeurope.eu\/edrs\/wp-content\/uploads\/sites\/4\/2018\/08\/LMP3151_JrD-Tallhed-Autumn_Lp540.jpg\" alt=\"\" width=\"540\" height=\"424\" srcset=\"https:\/\/www.dragracingeurope.eu\/edrs\/wp-content\/uploads\/sites\/4\/2018\/08\/LMP3151_JrD-Tallhed-Autumn_Lp540.jpg 540w, https:\/\/www.dragracingeurope.eu\/edrs\/wp-content\/uploads\/sites\/4\/2018\/08\/LMP3151_JrD-Tallhed-Autumn_Lp540-300x236.jpg 300w\" sizes=\"(max-width: 540px) 100vw, 540px\" \/><\/a><\/p>\n<p style=\"text-align: center\"><em>Eskil Dahls and Mats Arntzen Wanvik<\/em><\/p>\n<p style=\"text-align: center\"><a href=\"http:\/\/www.dragracingeurope.eu\/edrs\/wp-content\/uploads\/sites\/4\/2018\/08\/LMP3177_PET_Tallhed-Autumn-Open-2018_Lp540.jpg\"><img decoding=\"async\" class=\"aligncenter size-full wp-image-6262\" src=\"http:\/\/www.dragracingeurope.eu\/edrs\/wp-content\/uploads\/sites\/4\/2018\/08\/LMP3177_PET_Tallhed-Autumn-Open-2018_Lp540.jpg\" alt=\"\" width=\"540\" height=\"395\" srcset=\"https:\/\/www.dragracingeurope.eu\/edrs\/wp-content\/uploads\/sites\/4\/2018\/08\/LMP3177_PET_Tallhed-Autumn-Open-2018_Lp540.jpg 540w, https:\/\/www.dragracingeurope.eu\/edrs\/wp-content\/uploads\/sites\/4\/2018\/08\/LMP3177_PET_Tallhed-Autumn-Open-2018_Lp540-300x219.jpg 300w\" sizes=\"(max-width: 540px) 100vw, 540px\" \/><\/a><\/p>\n<p style=\"text-align: center\"><em> Peter Nilsson and Torbj\u00f6rn L\u00e5\u00e5s<\/em><\/p>\n<p style=\"text-align: center\"><a href=\"http:\/\/www.dragracingeurope.eu\/edrs\/wp-content\/uploads\/sites\/4\/2018\/08\/LMP3184_SPET_Tallhed-Autumn-Open-2018_LP540.jpg\"><img decoding=\"async\" class=\"aligncenter size-full wp-image-6261\" src=\"http:\/\/www.dragracingeurope.eu\/edrs\/wp-content\/uploads\/sites\/4\/2018\/08\/LMP3184_SPET_Tallhed-Autumn-Open-2018_LP540.jpg\" alt=\"\" width=\"540\" height=\"330\" srcset=\"https:\/\/www.dragracingeurope.eu\/edrs\/wp-content\/uploads\/sites\/4\/2018\/08\/LMP3184_SPET_Tallhed-Autumn-Open-2018_LP540.jpg 540w, https:\/\/www.dragracingeurope.eu\/edrs\/wp-content\/uploads\/sites\/4\/2018\/08\/LMP3184_SPET_Tallhed-Autumn-Open-2018_LP540-300x183.jpg 300w\" sizes=\"(max-width: 540px) 100vw, 540px\" \/><\/a><\/p>\n<p style=\"text-align: center\"><em>Ole Petter Stokkeland and Bj\u00f6rn Hultberg<\/em><a href=\"http:\/\/www.dragracingeurope.eu\/edrs\/wp-content\/uploads\/sites\/4\/2018\/08\/LMP3172_PS_Tallhed-Autumn-Open-2018_LP540.jpg\"><br \/>\n<\/a><\/p>\n<p style=\"text-align: center\"><a href=\"http:\/\/www.dragracingeurope.eu\/edrs\/wp-content\/uploads\/sites\/4\/2018\/08\/LMP3172_PS_Tallhed-Autumn-Open-2018_LP540.jpg\"><img decoding=\"async\" class=\"aligncenter size-full wp-image-6263\" src=\"http:\/\/www.dragracingeurope.eu\/edrs\/wp-content\/uploads\/sites\/4\/2018\/08\/LMP3172_PS_Tallhed-Autumn-Open-2018_LP540.jpg\" alt=\"\" width=\"540\" height=\"360\" srcset=\"https:\/\/www.dragracingeurope.eu\/edrs\/wp-content\/uploads\/sites\/4\/2018\/08\/LMP3172_PS_Tallhed-Autumn-Open-2018_LP540.jpg 540w, https:\/\/www.dragracingeurope.eu\/edrs\/wp-content\/uploads\/sites\/4\/2018\/08\/LMP3172_PS_Tallhed-Autumn-Open-2018_LP540-300x200.jpg 300w\" sizes=\"(max-width: 540px) 100vw, 540px\" \/><\/a><\/p>\n<p style=\"text-align: center\">\u00a0\u00a0 <em>Michael Maderer and Daniel H\u00e5llestam<\/em><\/p>\n<p style=\"text-align: center\"><a href=\"http:\/\/www.dragracingeurope.eu\/edrs\/wp-content\/uploads\/sites\/4\/2018\/08\/LMP3167_Street_Tallhed-Autumn-Open-2018_LP540.jpg\"><img decoding=\"async\" class=\"aligncenter size-full wp-image-6264\" src=\"http:\/\/www.dragracingeurope.eu\/edrs\/wp-content\/uploads\/sites\/4\/2018\/08\/LMP3167_Street_Tallhed-Autumn-Open-2018_LP540.jpg\" alt=\"\" width=\"540\" height=\"360\" srcset=\"https:\/\/www.dragracingeurope.eu\/edrs\/wp-content\/uploads\/sites\/4\/2018\/08\/LMP3167_Street_Tallhed-Autumn-Open-2018_LP540.jpg 540w, https:\/\/www.dragracingeurope.eu\/edrs\/wp-content\/uploads\/sites\/4\/2018\/08\/LMP3167_Street_Tallhed-Autumn-Open-2018_LP540-300x200.jpg 300w\" sizes=\"(max-width: 540px) 100vw, 540px\" \/><\/a><\/p>\n<p style=\"text-align: center\"><em> Rolf Berglund and Angelica Larsson<\/em><\/p>\n<p style=\"text-align: center\"><a href=\"http:\/\/www.dragracingeurope.eu\/edrs\/wp-content\/uploads\/sites\/4\/2018\/08\/LMP3158_SG_-Tallhed-Autumn-Open-2018_LP540.jpg\"><img decoding=\"async\" class=\"aligncenter size-full wp-image-6265\" src=\"http:\/\/www.dragracingeurope.eu\/edrs\/wp-content\/uploads\/sites\/4\/2018\/08\/LMP3158_SG_-Tallhed-Autumn-Open-2018_LP540.jpg\" alt=\"\" width=\"540\" height=\"390\" srcset=\"https:\/\/www.dragracingeurope.eu\/edrs\/wp-content\/uploads\/sites\/4\/2018\/08\/LMP3158_SG_-Tallhed-Autumn-Open-2018_LP540.jpg 540w, https:\/\/www.dragracingeurope.eu\/edrs\/wp-content\/uploads\/sites\/4\/2018\/08\/LMP3158_SG_-Tallhed-Autumn-Open-2018_LP540-300x217.jpg 300w\" sizes=\"(max-width: 540px) 100vw, 540px\" \/><\/a><\/p>\n<p style=\"text-align: center\"><em>Jan Hallman and H\u00e5kan Mattsson<\/em><\/p>\n<p style=\"text-align: center\"><a href=\"http:\/\/www.dragracingeurope.eu\/edrs\/wp-content\/uploads\/sites\/4\/2018\/08\/LMP3154_SST-_Tallhed-Autumn-Open-2018_Lp540.jpg\"><img decoding=\"async\" class=\"aligncenter size-full wp-image-6266\" src=\"http:\/\/www.dragracingeurope.eu\/edrs\/wp-content\/uploads\/sites\/4\/2018\/08\/LMP3154_SST-_Tallhed-Autumn-Open-2018_Lp540.jpg\" alt=\"\" width=\"540\" height=\"353\" srcset=\"https:\/\/www.dragracingeurope.eu\/edrs\/wp-content\/uploads\/sites\/4\/2018\/08\/LMP3154_SST-_Tallhed-Autumn-Open-2018_Lp540.jpg 540w, https:\/\/www.dragracingeurope.eu\/edrs\/wp-content\/uploads\/sites\/4\/2018\/08\/LMP3154_SST-_Tallhed-Autumn-Open-2018_Lp540-300x196.jpg 300w\" sizes=\"(max-width: 540px) 100vw, 540px\" \/><\/a><\/p>\n<p style=\"text-align: center\"><em> Chrille Gustafsson and Uffe Lundgren<\/em><\/p>\n<p style=\"text-align: center\"><a href=\"http:\/\/www.dragracingeurope.eu\/edrs\/wp-content\/uploads\/sites\/4\/2018\/08\/LMP3144-SCB-Tallhed-Autumn-Open-2018_Lp540.jpg\"><img decoding=\"async\" class=\"aligncenter size-full wp-image-6268\" src=\"http:\/\/www.dragracingeurope.eu\/edrs\/wp-content\/uploads\/sites\/4\/2018\/08\/LMP3144-SCB-Tallhed-Autumn-Open-2018_Lp540.jpg\" alt=\"\" width=\"540\" height=\"360\" srcset=\"https:\/\/www.dragracingeurope.eu\/edrs\/wp-content\/uploads\/sites\/4\/2018\/08\/LMP3144-SCB-Tallhed-Autumn-Open-2018_Lp540.jpg 540w, https:\/\/www.dragracingeurope.eu\/edrs\/wp-content\/uploads\/sites\/4\/2018\/08\/LMP3144-SCB-Tallhed-Autumn-Open-2018_Lp540-300x200.jpg 300w\" sizes=\"(max-width: 540px) 100vw, 540px\" \/><\/a><\/p>\n<p style=\"text-align: center\"><em>Peter Rundstr\u00f6m and Jonas Mets<\/em><\/p>\n<p style=\"text-align: center\"><a href=\"http:\/\/www.dragracingeurope.eu\/edrs\/wp-content\/uploads\/sites\/4\/2018\/08\/LMP3140_SGB-Tallhed-_Lp540.jpg\"><img decoding=\"async\" class=\"aligncenter size-full wp-image-6269\" src=\"http:\/\/www.dragracingeurope.eu\/edrs\/wp-content\/uploads\/sites\/4\/2018\/08\/LMP3140_SGB-Tallhed-_Lp540.jpg\" alt=\"\" width=\"540\" height=\"443\" srcset=\"https:\/\/www.dragracingeurope.eu\/edrs\/wp-content\/uploads\/sites\/4\/2018\/08\/LMP3140_SGB-Tallhed-_Lp540.jpg 540w, https:\/\/www.dragracingeurope.eu\/edrs\/wp-content\/uploads\/sites\/4\/2018\/08\/LMP3140_SGB-Tallhed-_Lp540-300x246.jpg 300w\" sizes=\"(max-width: 540px) 100vw, 540px\" \/><\/a><\/p>\n<p style=\"text-align: center\"><em>Andreas Andersson and Marcus Forsberg<\/em><\/p>\n<p style=\"text-align: center\"><em><a href=\"http:\/\/www.dragracingeurope.eu\/edrs\/wp-content\/uploads\/sites\/4\/2018\/08\/LMP3198_SPS-Tallhed-Autumn-Open-2018_LP540.jpg\"><img decoding=\"async\" class=\"aligncenter size-full wp-image-6259\" src=\"http:\/\/www.dragracingeurope.eu\/edrs\/wp-content\/uploads\/sites\/4\/2018\/08\/LMP3198_SPS-Tallhed-Autumn-Open-2018_LP540.jpg\" alt=\"\" width=\"540\" height=\"442\" srcset=\"https:\/\/www.dragracingeurope.eu\/edrs\/wp-content\/uploads\/sites\/4\/2018\/08\/LMP3198_SPS-Tallhed-Autumn-Open-2018_LP540.jpg 540w, https:\/\/www.dragracingeurope.eu\/edrs\/wp-content\/uploads\/sites\/4\/2018\/08\/LMP3198_SPS-Tallhed-Autumn-Open-2018_LP540-300x246.jpg 300w\" sizes=\"(max-width: 540px) 100vw, 540px\" \/><\/a><\/em><\/p>\n<p style=\"text-align: center\"><em>Bengt Thyr<\/em><\/p>\n<p style=\"text-align: center\"><a href=\"http:\/\/www.dragracingeurope.eu\/edrs\/wp-content\/uploads\/sites\/4\/2018\/08\/LMP3195_SSST_-Tallhed-Autumn-Open-2018_Lp540.jpg\"><img decoding=\"async\" class=\"aligncenter size-full wp-image-6260\" src=\"http:\/\/www.dragracingeurope.eu\/edrs\/wp-content\/uploads\/sites\/4\/2018\/08\/LMP3195_SSST_-Tallhed-Autumn-Open-2018_Lp540.jpg\" alt=\"\" width=\"540\" height=\"570\" srcset=\"https:\/\/www.dragracingeurope.eu\/edrs\/wp-content\/uploads\/sites\/4\/2018\/08\/LMP3195_SSST_-Tallhed-Autumn-Open-2018_Lp540.jpg 540w, https:\/\/www.dragracingeurope.eu\/edrs\/wp-content\/uploads\/sites\/4\/2018\/08\/LMP3195_SSST_-Tallhed-Autumn-Open-2018_Lp540-284x300.jpg 284w\" sizes=\"(max-width: 540px) 100vw, 540px\" \/><\/a><\/p>\n<p style=\"text-align: center\"><em>Mathias Munther<\/em><\/p>\n","protected":false},"excerpt":{"rendered":"<p>64 racers came to Tallhed Dragway last weekend to collect point in the Summit Racing EDRS Series and fight about a place in the Finals of the Summit Racing Super Series at Tierp Arena in a few weeks.\u00a0<\/p>\n","protected":false},"author":7,"featured_media":0,"comment_status":"closed","ping_status":"closed","sticky":false,"template":"","format":"standard","meta":{"footnotes":""},"categories":[1],"tags":[],"_links":{"self":[{"href":"https:\/\/www.dragracingeurope.eu\/edrs\/wp-json\/wp\/v2\/posts\/6280"}],"collection":[{"href":"https:\/\/www.dragracingeurope.eu\/edrs\/wp-json\/wp\/v2\/posts"}],"about":[{"href":"https:\/\/www.dragracingeurope.eu\/edrs\/wp-json\/wp\/v2\/types\/post"}],"author":[{"embeddable":true,"href":"https:\/\/www.dragracingeurope.eu\/edrs\/wp-json\/wp\/v2\/users\/7"}],"replies":[{"embeddable":true,"href":"https:\/\/www.dragracingeurope.eu\/edrs\/wp-json\/wp\/v2\/comments?post=6280"}],"version-history":[{"count":1,"href":"https:\/\/www.dragracingeurope.eu\/edrs\/wp-json\/wp\/v2\/posts\/6280\/revisions"}],"predecessor-version":[{"id":6281,"href":"https:\/\/www.dragracingeurope.eu\/edrs\/wp-json\/wp\/v2\/posts\/6280\/revisions\/6281"}],"wp:attachment":[{"href":"https:\/\/www.dragracingeurope.eu\/edrs\/wp-json\/wp\/v2\/media?parent=6280"}],"wp:term":[{"taxonomy":"category","embeddable":true,"href":"https:\/\/www.dragracingeurope.eu\/edrs\/wp-json\/wp\/v2\/categories?post=6280"},{"taxonomy":"post_tag","embeddable":true,"href":"https:\/\/www.dragracingeurope.eu\/edrs\/wp-json\/wp\/v2\/tags?post=6280"}],"curies":[{"name":"wp","href":"https:\/\/api.w.org\/{rel}","templated":true}]}}