{"id":13498,"date":"2025-09-11T13:15:10","date_gmt":"2025-09-11T12:15:10","guid":{"rendered":"https:\/\/www.dragracingeurope.eu\/edrs\/?p=13498"},"modified":"2025-09-11T15:13:18","modified_gmt":"2025-09-11T14:13:18","slug":"fel-i-tidtagningssystem-i-pro-street","status":"publish","type":"post","link":"https:\/\/www.dragracingeurope.eu\/edrs\/2025\/09\/11\/fel-i-tidtagningssystem-i-pro-street\/","title":{"rendered":"Fel i stegen f\u00f6r klassen Pro Street i Finland"},"content":{"rendered":"\n<p>Under f\u00f6rra helgens t\u00e4vlingar p\u00e5 Motopark uppstod ett fel n\u00e4r FHRA lade in stegen i tidtagningssystemet, d\u00e4r &#8220;all-in qualifying&#8221; registrerades f\u00f6r Pro Street-klassen. Detta resulterade i en stege med 16 bilar ist\u00e4llet f\u00f6r den normala 8, enligt EDRS riktlinjer (med 9 bilar kvalificerade).<\/p>\n\n\n\n<!--more-->\n\n\n\n<p>Lars Berglund reste till Finland, vann t\u00e4vlingen och gick med liten marginal om Angelica Larsson i totalst\u00e4llningen. Vi har \u00f6verv\u00e4gt flera alternativ f\u00f6r att l\u00f6sa denna situation.<\/p>\n\n\n\n<p>Vi anser att b\u00e5da f\u00f6rarna moraliskt f\u00f6rtj\u00e4nar segern i serien. D\u00e4rf\u00f6r har vi beslutat att dela m\u00e4sterskapstiteln mellan Angelica Larsson och Lars Berglund i Pro Street-klassen f\u00f6r 2025 i Summit Racing Super Series.<\/p>\n\n\n\n<p>Detta kommer att \u00e5terspeglas i po\u00e4ngtabellen genom att po\u00e4ng dras av fr\u00e5n Lars Berglund f\u00f6r Motopark-evenemanget, vilket g\u00f6r att hans totalpo\u00e4ng matchar Angelica Larssons. \u00c5tg\u00e4rder kommer ocks\u00e5 att vidtas f\u00f6r att f\u00f6rhindra att detta h\u00e4nder igen, eftersom EDRS verkar i flera l\u00e4nder med olika nationella regler. Vi har samarbetat med de nationella f\u00f6rbunden f\u00f6r att identifiera och hantera alla skillnader, men just denna &#8220;bugg&#8221; uppt\u00e4cktes f\u00f6rst nu.<\/p>\n\n\n\n<p>Announcement from FHRA<\/p>\n\n\n\n<div data-wp-interactive=\"core\/file\" class=\"wp-block-file\"><object data-wp-bind--hidden=\"!state.hasPdfPreview\"  class=\"wp-block-file__embed\" data=\"https:\/\/www.dragracingeurope.eu\/edrs\/wp-content\/uploads\/sites\/4\/2025\/09\/FHRA-announcement-for-the-SPTR-Finals-Motopark-6.-7.9.2025.pdf\" type=\"application\/pdf\" style=\"width:100%;height:567px\" aria-label=\"Embed of FHRA-announcement-for-the-SPTR-Finals-Motopark-6.-7.9.2025.\"><\/object><a id=\"wp-block-file--media-82ebca02-34bf-4d31-9a1a-d889ae8816fb\" href=\"https:\/\/www.dragracingeurope.eu\/edrs\/wp-content\/uploads\/sites\/4\/2025\/09\/FHRA-announcement-for-the-SPTR-Finals-Motopark-6.-7.9.2025.pdf\">FHRA-announcement-for-the-SPTR-Finals-Motopark-6.-7.9.2025<\/a><a href=\"https:\/\/www.dragracingeurope.eu\/edrs\/wp-content\/uploads\/sites\/4\/2025\/09\/FHRA-announcement-for-the-SPTR-Finals-Motopark-6.-7.9.2025.pdf\" class=\"wp-block-file__button wp-element-button\" download aria-describedby=\"wp-block-file--media-82ebca02-34bf-4d31-9a1a-d889ae8816fb\">Download<\/a><\/div>\n\n\n\n<hr class=\"wp-block-separator has-alpha-channel-opacity\"\/>\n\n\n\n<h2 class=\"wp-block-heading\">Problem with the ladder for the Pro Street class in Finland<\/h2>\n\n\n\n<p>During last weekend&#8217;s competitions at Motopark, a fault was done when FHRA entered the ladder in the timing system, where all-in qualifying was registered for the Pro Street class. This resulted in a 16-car ladder instead of the standard 8, as stipulated by the EDRS Guidelines (with 9 cars qualifying).<\/p>\n\n\n\n<p>Lars Berglund travelled to Finland, won the event and narrowly overtook Angelica Larsson for first place. We have considered several alternatives to resolve this situation.<\/p>\n\n\n\n<p>We believe both drivers are morally deserving of the series victory. Therefore, we have decided to share the series championship between Angelica Larsson and Lars Berglund in the Pro Street class for 2025 in the Summit Racing Super Series.<\/p>\n\n\n\n<p>This will be reflected in the points table by deducting points from Lars Berglund for the Motopark event, bringing his total in line with Angelica Larsson&#8217;s. Measures will also be taken to prevent this from happening again, as EDRS operates across multiple countries with varying national regulations. We have worked with the national associations to identify and address all differences, but this particular \u201cbug\u201d was only discovered now.<\/p>\n","protected":false},"excerpt":{"rendered":"<p>Under f\u00f6rra helgens t\u00e4vlingar p\u00e5 Motopark uppstod ett fel n\u00e4r FHRA lade in stegen i tidtagningssystemet, d\u00e4r &#8220;all-in qualifying&#8221; registrerades f\u00f6r Pro Street-klassen. Detta resulterade i en stege med 16 bilar ist\u00e4llet f\u00f6r den normala 8, enligt EDRS riktlinjer (med 9 bilar kvalificerade).<\/p>\n","protected":false},"author":17,"featured_media":0,"comment_status":"closed","ping_status":"open","sticky":false,"template":"","format":"standard","meta":{"footnotes":""},"categories":[1],"tags":[],"_links":{"self":[{"href":"https:\/\/www.dragracingeurope.eu\/edrs\/wp-json\/wp\/v2\/posts\/13498"}],"collection":[{"href":"https:\/\/www.dragracingeurope.eu\/edrs\/wp-json\/wp\/v2\/posts"}],"about":[{"href":"https:\/\/www.dragracingeurope.eu\/edrs\/wp-json\/wp\/v2\/types\/post"}],"author":[{"embeddable":true,"href":"https:\/\/www.dragracingeurope.eu\/edrs\/wp-json\/wp\/v2\/users\/17"}],"replies":[{"embeddable":true,"href":"https:\/\/www.dragracingeurope.eu\/edrs\/wp-json\/wp\/v2\/comments?post=13498"}],"version-history":[{"count":5,"href":"https:\/\/www.dragracingeurope.eu\/edrs\/wp-json\/wp\/v2\/posts\/13498\/revisions"}],"predecessor-version":[{"id":13505,"href":"https:\/\/www.dragracingeurope.eu\/edrs\/wp-json\/wp\/v2\/posts\/13498\/revisions\/13505"}],"wp:attachment":[{"href":"https:\/\/www.dragracingeurope.eu\/edrs\/wp-json\/wp\/v2\/media?parent=13498"}],"wp:term":[{"taxonomy":"category","embeddable":true,"href":"https:\/\/www.dragracingeurope.eu\/edrs\/wp-json\/wp\/v2\/categories?post=13498"},{"taxonomy":"post_tag","embeddable":true,"href":"https:\/\/www.dragracingeurope.eu\/edrs\/wp-json\/wp\/v2\/tags?post=13498"}],"curies":[{"name":"wp","href":"https:\/\/api.w.org\/{rel}","templated":true}]}}